{"id":15185,"date":"2021-03-07T11:26:37","date_gmt":"2021-03-07T10:26:37","guid":{"rendered":"http:\/\/www.brachwitz.eu\/?p=15185"},"modified":"2021-03-11T16:17:18","modified_gmt":"2021-03-11T15:17:18","slug":"neue-kategorie-sagen-aus-dem-saalkreis","status":"publish","type":"post","link":"https:\/\/www.brachwitz.eu\/index.php\/2021\/03\/07\/neue-kategorie-sagen-aus-dem-saalkreis\/","title":{"rendered":"Neue Kategorie &#8211; Sagen aus dem Saalkreis"},"content":{"rendered":"\n<p>In K\u00fcrze wird es auf Brachwitz.eu eine neue Kategorie geben &#8211; Die Sagen aus dem Saalkreis.  <span class=\"has-inline-color has-vivid-red-color\">Jetzt online : <a href=\"https:\/\/www.brachwitz.eu\/index.php\/sagen-aus-dem-saalkreis\/\">https:\/\/www.brachwitz.eu\/index.php\/sagen-aus-dem-saalkreis\/<\/a><\/span><\/p>\n\n\n\n<p>Ja, richtig gelesen, Saalkreis und nicht Saalekreis. Warum? Die Quelle ist ein Heft aus den 1980er Jahren mit dem Titel \u201eSagen aus dem Saalekreis\u201c von Hans-Joachim Schramm.<\/p>\n\n\n\n<p>Und damit das Warten nicht so lang wird gibt es nachfolgend gleich die erste Sage.<\/p>\n\n\n\n<h2 class=\"wp-block-heading\">Das Brautsuchen<\/h2>\n\n\n\n<p>ln Schochwitz und Brachwitz verkleideten sich zu Pfingsten ein Bursche und ein M\u00e4dchen und versteckten sich au\u00dferhalb des Dorfes im Geb\u00fcsch oder hohen Gras.<\/p>\n\n\n\n<p>Das ganze Dorf zog nun aus, das \u201eBrautpaar\u201c zu suchen. Musikanten begleiteten sie dabei. Wenn das Paar gefunden war, umringte es die ganze Gemeinde und neckte sie mit Andeutungen auf ihr Verl\u00f6bnis und ihre sp\u00e4tere Hochzeit. Mit Musik und Jubel ging es dann ins Dorf zur\u00fcck. Bis zum Abend wurde ein fr\u00f6hliches Fest gefeiert. Es wurde getanzt, getrunken, gescherzt, gelacht, und das Brautpaar schmiedete Pl\u00e4ne f\u00fcr die Zukunft. Das Paar wurde auch Prinz und Prinzessin genannt. Meist verkleideten sie sich als solche. Ein sch\u00f6ner alter Brauch, bei den jungen Schochwitzern und Brachwitzern wohl nicht mehr bekannt. Die \u00e4lteren B\u00fcrger k\u00f6nnen sich nur dunkel daran erinnern.<\/p>\n\n\n\n<p>*<\/p>\n\n\n\n<p>Als wir damals das Saaletal durchwanderten, konnten wir nicht an einem idyllischen Heidedorf vorbeigehen. Lieskau. Es sind schon einige Kilometer Umweg gewesen, aber es hat sich gelohnt. Doch zuvor, gleich am Anfang der Salzm\u00fcnder Stra\u00dfe in Richtung D\u00f6lau,<br>entdeckten wir eine uralte Quelle, die noch heute ihr schmackhaftes Wasser in einem kleinen Rinnsal abgibt. &#8218;<\/p>\n\n\n\n<p><\/p>\n","protected":false},"excerpt":{"rendered":"<p>In K\u00fcrze wird es auf Brachwitz.eu eine neue Kategorie geben &#8211; Die Sagen aus dem Saalkreis. Jetzt online : https:\/\/www.brachwitz.eu\/index.php\/sagen-aus-dem-saalkreis\/ Ja, richtig gelesen, Saalkreis und nicht Saalekreis. Warum? Die Quelle ist ein Heft aus den 1980er Jahren mit dem Titel \u201eSagen aus dem Saalekreis\u201c von Hans-Joachim Schramm. Und damit das Warten nicht so lang wird &hellip; <\/p>\n<p class=\"link-more\"><a href=\"https:\/\/www.brachwitz.eu\/index.php\/2021\/03\/07\/neue-kategorie-sagen-aus-dem-saalkreis\/\" class=\"more-link\"><span class=\"screen-reader-text\">\u201eNeue Kategorie &#8211; Sagen aus dem Saalkreis\u201c <\/span>weiterlesen<\/a><\/p>\n","protected":false},"author":1,"featured_media":15188,"comment_status":"open","ping_status":"open","sticky":false,"template":"","format":"standard","meta":{"_exactmetrics_skip_tracking":false,"_exactmetrics_sitenote_active":false,"_exactmetrics_sitenote_note":"","_exactmetrics_sitenote_category":0,"jetpack_post_was_ever_published":false,"_jetpack_newsletter_access":"","_jetpack_dont_email_post_to_subs":false,"_jetpack_newsletter_tier_id":0,"_jetpack_memberships_contains_paywalled_content":false,"_jetpack_memberships_contains_paid_content":false,"footnotes":"","jetpack_publicize_message":"","jetpack_publicize_feature_enabled":true,"jetpack_social_post_already_shared":true,"jetpack_social_options":{"image_generator_settings":{"template":"highway","default_image_id":0,"font":"","enabled":false},"version":2}},"categories":[1],"tags":[],"class_list":["post-15185","post","type-post","status-publish","format-standard","has-post-thumbnail","hentry","category-allgemein"],"yoast_head":"<!-- This site is optimized with the Yoast SEO plugin v27.1.1 - https:\/\/yoast.com\/product\/yoast-seo-wordpress\/ -->\n<title>Neue Kategorie - Sagen aus dem Saalkreis - Brachwitz<\/title>\n<meta name=\"description\" content=\"In K\u00fcrze wird es auf Brachwitz.eu eine neue Kategorie geben - Die Sagen aus dem Saalkreis.\" \/>\n<meta name=\"robots\" content=\"index, follow, max-snippet:-1, max-image-preview:large, max-video-preview:-1\" \/>\n<link rel=\"canonical\" href=\"https:\/\/www.brachwitz.eu\/index.php\/2021\/03\/07\/neue-kategorie-sagen-aus-dem-saalkreis\/\" \/>\n<meta property=\"og:locale\" content=\"de_DE\" \/>\n<meta property=\"og:type\" content=\"article\" \/>\n<meta property=\"og:title\" content=\"Neue Kategorie - Sagen aus dem Saalkreis - Brachwitz\" \/>\n<meta property=\"og:description\" content=\"In K\u00fcrze wird es auf Brachwitz.eu eine neue Kategorie geben - Die Sagen aus dem Saalkreis.\" \/>\n<meta property=\"og:url\" content=\"https:\/\/www.brachwitz.eu\/index.php\/2021\/03\/07\/neue-kategorie-sagen-aus-dem-saalkreis\/\" \/>\n<meta property=\"og:site_name\" content=\"Brachwitz\" \/>\n<meta property=\"article:published_time\" content=\"2021-03-07T10:26:37+00:00\" \/>\n<meta property=\"article:modified_time\" content=\"2021-03-11T15:17:18+00:00\" \/>\n<meta property=\"og:image\" content=\"https:\/\/www.brachwitz.eu\/wp-content\/uploads\/2021\/03\/0E3A0796-854C-4333-94BD-3105B9CF6CEB.jpeg\" \/>\n\t<meta property=\"og:image:width\" content=\"768\" \/>\n\t<meta property=\"og:image:height\" content=\"1024\" \/>\n\t<meta property=\"og:image:type\" content=\"image\/jpeg\" \/>\n<meta name=\"author\" content=\"admin\" \/>\n<meta name=\"twitter:card\" content=\"summary_large_image\" \/>\n<meta name=\"twitter:label1\" content=\"Verfasst von\" \/>\n\t<meta name=\"twitter:data1\" content=\"admin\" \/>\n\t<meta name=\"twitter:label2\" content=\"Gesch\u00e4tzte Lesezeit\" \/>\n\t<meta name=\"twitter:data2\" content=\"1\u00a0Minute\" \/>\n<script type=\"application\/ld+json\" class=\"yoast-schema-graph\">{\"@context\":\"https:\/\/schema.org\",\"@graph\":[{\"@type\":\"Article\",\"@id\":\"https:\/\/www.brachwitz.eu\/index.php\/2021\/03\/07\/neue-kategorie-sagen-aus-dem-saalkreis\/#article\",\"isPartOf\":{\"@id\":\"https:\/\/www.brachwitz.eu\/index.php\/2021\/03\/07\/neue-kategorie-sagen-aus-dem-saalkreis\/\"},\"author\":{\"name\":\"admin\",\"@id\":\"https:\/\/www.brachwitz.eu\/#\/schema\/person\/0595ff7ab51c1d67c3fcfdb8b9beb38b\"},\"headline\":\"Neue Kategorie &#8211; Sagen aus dem Saalkreis\",\"datePublished\":\"2021-03-07T10:26:37+00:00\",\"dateModified\":\"2021-03-11T15:17:18+00:00\",\"mainEntityOfPage\":{\"@id\":\"https:\/\/www.brachwitz.eu\/index.php\/2021\/03\/07\/neue-kategorie-sagen-aus-dem-saalkreis\/\"},\"wordCount\":276,\"commentCount\":0,\"image\":{\"@id\":\"https:\/\/www.brachwitz.eu\/index.php\/2021\/03\/07\/neue-kategorie-sagen-aus-dem-saalkreis\/#primaryimage\"},\"thumbnailUrl\":\"https:\/\/www.brachwitz.eu\/wp-content\/uploads\/2021\/03\/0E3A0796-854C-4333-94BD-3105B9CF6CEB.jpeg\",\"inLanguage\":\"de\",\"potentialAction\":[{\"@type\":\"CommentAction\",\"name\":\"Comment\",\"target\":[\"https:\/\/www.brachwitz.eu\/index.php\/2021\/03\/07\/neue-kategorie-sagen-aus-dem-saalkreis\/#respond\"]}]},{\"@type\":\"WebPage\",\"@id\":\"https:\/\/www.brachwitz.eu\/index.php\/2021\/03\/07\/neue-kategorie-sagen-aus-dem-saalkreis\/\",\"url\":\"https:\/\/www.brachwitz.eu\/index.php\/2021\/03\/07\/neue-kategorie-sagen-aus-dem-saalkreis\/\",\"name\":\"Neue Kategorie - Sagen aus dem Saalkreis - Brachwitz\",\"isPartOf\":{\"@id\":\"https:\/\/www.brachwitz.eu\/#website\"},\"primaryImageOfPage\":{\"@id\":\"https:\/\/www.brachwitz.eu\/index.php\/2021\/03\/07\/neue-kategorie-sagen-aus-dem-saalkreis\/#primaryimage\"},\"image\":{\"@id\":\"https:\/\/www.brachwitz.eu\/index.php\/2021\/03\/07\/neue-kategorie-sagen-aus-dem-saalkreis\/#primaryimage\"},\"thumbnailUrl\":\"https:\/\/www.brachwitz.eu\/wp-content\/uploads\/2021\/03\/0E3A0796-854C-4333-94BD-3105B9CF6CEB.jpeg\",\"datePublished\":\"2021-03-07T10:26:37+00:00\",\"dateModified\":\"2021-03-11T15:17:18+00:00\",\"author\":{\"@id\":\"https:\/\/www.brachwitz.eu\/#\/schema\/person\/0595ff7ab51c1d67c3fcfdb8b9beb38b\"},\"description\":\"In K\u00fcrze wird es auf Brachwitz.eu eine neue Kategorie geben - Die Sagen aus dem Saalkreis.\",\"breadcrumb\":{\"@id\":\"https:\/\/www.brachwitz.eu\/index.php\/2021\/03\/07\/neue-kategorie-sagen-aus-dem-saalkreis\/#breadcrumb\"},\"inLanguage\":\"de\",\"potentialAction\":[{\"@type\":\"ReadAction\",\"target\":[\"https:\/\/www.brachwitz.eu\/index.php\/2021\/03\/07\/neue-kategorie-sagen-aus-dem-saalkreis\/\"]}]},{\"@type\":\"ImageObject\",\"inLanguage\":\"de\",\"@id\":\"https:\/\/www.brachwitz.eu\/index.php\/2021\/03\/07\/neue-kategorie-sagen-aus-dem-saalkreis\/#primaryimage\",\"url\":\"https:\/\/www.brachwitz.eu\/wp-content\/uploads\/2021\/03\/0E3A0796-854C-4333-94BD-3105B9CF6CEB.jpeg\",\"contentUrl\":\"https:\/\/www.brachwitz.eu\/wp-content\/uploads\/2021\/03\/0E3A0796-854C-4333-94BD-3105B9CF6CEB.jpeg\",\"width\":768,\"height\":1024,\"caption\":\"Sagen aus dem Saalkreis\"},{\"@type\":\"BreadcrumbList\",\"@id\":\"https:\/\/www.brachwitz.eu\/index.php\/2021\/03\/07\/neue-kategorie-sagen-aus-dem-saalkreis\/#breadcrumb\",\"itemListElement\":[{\"@type\":\"ListItem\",\"position\":1,\"name\":\"Startseite\",\"item\":\"https:\/\/www.brachwitz.eu\/\"},{\"@type\":\"ListItem\",\"position\":2,\"name\":\"Neue Kategorie &#8211; Sagen aus dem Saalkreis\"}]},{\"@type\":\"WebSite\",\"@id\":\"https:\/\/www.brachwitz.eu\/#website\",\"url\":\"https:\/\/www.brachwitz.eu\/\",\"name\":\"Brachwitz\",\"description\":\"Die Perle an der Saale\",\"potentialAction\":[{\"@type\":\"SearchAction\",\"target\":{\"@type\":\"EntryPoint\",\"urlTemplate\":\"https:\/\/www.brachwitz.eu\/?s={search_term_string}\"},\"query-input\":{\"@type\":\"PropertyValueSpecification\",\"valueRequired\":true,\"valueName\":\"search_term_string\"}}],\"inLanguage\":\"de\"},{\"@type\":\"Person\",\"@id\":\"https:\/\/www.brachwitz.eu\/#\/schema\/person\/0595ff7ab51c1d67c3fcfdb8b9beb38b\",\"name\":\"admin\",\"image\":{\"@type\":\"ImageObject\",\"inLanguage\":\"de\",\"@id\":\"https:\/\/www.brachwitz.eu\/#\/schema\/person\/image\/\",\"url\":\"https:\/\/secure.gravatar.com\/avatar\/c4502781cd69c7c69acf1c7c1110581a2fc0dd912a89a871f46106c51e2512ac?s=96&d=mm&r=g\",\"contentUrl\":\"https:\/\/secure.gravatar.com\/avatar\/c4502781cd69c7c69acf1c7c1110581a2fc0dd912a89a871f46106c51e2512ac?s=96&d=mm&r=g\",\"caption\":\"admin\"},\"url\":\"https:\/\/www.brachwitz.eu\/index.php\/author\/admin\/\"}]}<\/script>\n<!-- \/ Yoast SEO plugin. -->","yoast_head_json":{"title":"Neue Kategorie - Sagen aus dem Saalkreis - Brachwitz","description":"In K\u00fcrze wird es auf Brachwitz.eu eine neue Kategorie geben - Die Sagen aus dem Saalkreis.","robots":{"index":"index","follow":"follow","max-snippet":"max-snippet:-1","max-image-preview":"max-image-preview:large","max-video-preview":"max-video-preview:-1"},"canonical":"https:\/\/www.brachwitz.eu\/index.php\/2021\/03\/07\/neue-kategorie-sagen-aus-dem-saalkreis\/","og_locale":"de_DE","og_type":"article","og_title":"Neue Kategorie - Sagen aus dem Saalkreis - Brachwitz","og_description":"In K\u00fcrze wird es auf Brachwitz.eu eine neue Kategorie geben - Die Sagen aus dem Saalkreis.","og_url":"https:\/\/www.brachwitz.eu\/index.php\/2021\/03\/07\/neue-kategorie-sagen-aus-dem-saalkreis\/","og_site_name":"Brachwitz","article_published_time":"2021-03-07T10:26:37+00:00","article_modified_time":"2021-03-11T15:17:18+00:00","og_image":[{"width":768,"height":1024,"url":"https:\/\/www.brachwitz.eu\/wp-content\/uploads\/2021\/03\/0E3A0796-854C-4333-94BD-3105B9CF6CEB.jpeg","type":"image\/jpeg"}],"author":"admin","twitter_card":"summary_large_image","twitter_misc":{"Verfasst von":"admin","Gesch\u00e4tzte Lesezeit":"1\u00a0Minute"},"schema":{"@context":"https:\/\/schema.org","@graph":[{"@type":"Article","@id":"https:\/\/www.brachwitz.eu\/index.php\/2021\/03\/07\/neue-kategorie-sagen-aus-dem-saalkreis\/#article","isPartOf":{"@id":"https:\/\/www.brachwitz.eu\/index.php\/2021\/03\/07\/neue-kategorie-sagen-aus-dem-saalkreis\/"},"author":{"name":"admin","@id":"https:\/\/www.brachwitz.eu\/#\/schema\/person\/0595ff7ab51c1d67c3fcfdb8b9beb38b"},"headline":"Neue Kategorie &#8211; Sagen aus dem Saalkreis","datePublished":"2021-03-07T10:26:37+00:00","dateModified":"2021-03-11T15:17:18+00:00","mainEntityOfPage":{"@id":"https:\/\/www.brachwitz.eu\/index.php\/2021\/03\/07\/neue-kategorie-sagen-aus-dem-saalkreis\/"},"wordCount":276,"commentCount":0,"image":{"@id":"https:\/\/www.brachwitz.eu\/index.php\/2021\/03\/07\/neue-kategorie-sagen-aus-dem-saalkreis\/#primaryimage"},"thumbnailUrl":"https:\/\/www.brachwitz.eu\/wp-content\/uploads\/2021\/03\/0E3A0796-854C-4333-94BD-3105B9CF6CEB.jpeg","inLanguage":"de","potentialAction":[{"@type":"CommentAction","name":"Comment","target":["https:\/\/www.brachwitz.eu\/index.php\/2021\/03\/07\/neue-kategorie-sagen-aus-dem-saalkreis\/#respond"]}]},{"@type":"WebPage","@id":"https:\/\/www.brachwitz.eu\/index.php\/2021\/03\/07\/neue-kategorie-sagen-aus-dem-saalkreis\/","url":"https:\/\/www.brachwitz.eu\/index.php\/2021\/03\/07\/neue-kategorie-sagen-aus-dem-saalkreis\/","name":"Neue Kategorie - Sagen aus dem Saalkreis - Brachwitz","isPartOf":{"@id":"https:\/\/www.brachwitz.eu\/#website"},"primaryImageOfPage":{"@id":"https:\/\/www.brachwitz.eu\/index.php\/2021\/03\/07\/neue-kategorie-sagen-aus-dem-saalkreis\/#primaryimage"},"image":{"@id":"https:\/\/www.brachwitz.eu\/index.php\/2021\/03\/07\/neue-kategorie-sagen-aus-dem-saalkreis\/#primaryimage"},"thumbnailUrl":"https:\/\/www.brachwitz.eu\/wp-content\/uploads\/2021\/03\/0E3A0796-854C-4333-94BD-3105B9CF6CEB.jpeg","datePublished":"2021-03-07T10:26:37+00:00","dateModified":"2021-03-11T15:17:18+00:00","author":{"@id":"https:\/\/www.brachwitz.eu\/#\/schema\/person\/0595ff7ab51c1d67c3fcfdb8b9beb38b"},"description":"In K\u00fcrze wird es auf Brachwitz.eu eine neue Kategorie geben - Die Sagen aus dem Saalkreis.","breadcrumb":{"@id":"https:\/\/www.brachwitz.eu\/index.php\/2021\/03\/07\/neue-kategorie-sagen-aus-dem-saalkreis\/#breadcrumb"},"inLanguage":"de","potentialAction":[{"@type":"ReadAction","target":["https:\/\/www.brachwitz.eu\/index.php\/2021\/03\/07\/neue-kategorie-sagen-aus-dem-saalkreis\/"]}]},{"@type":"ImageObject","inLanguage":"de","@id":"https:\/\/www.brachwitz.eu\/index.php\/2021\/03\/07\/neue-kategorie-sagen-aus-dem-saalkreis\/#primaryimage","url":"https:\/\/www.brachwitz.eu\/wp-content\/uploads\/2021\/03\/0E3A0796-854C-4333-94BD-3105B9CF6CEB.jpeg","contentUrl":"https:\/\/www.brachwitz.eu\/wp-content\/uploads\/2021\/03\/0E3A0796-854C-4333-94BD-3105B9CF6CEB.jpeg","width":768,"height":1024,"caption":"Sagen aus dem Saalkreis"},{"@type":"BreadcrumbList","@id":"https:\/\/www.brachwitz.eu\/index.php\/2021\/03\/07\/neue-kategorie-sagen-aus-dem-saalkreis\/#breadcrumb","itemListElement":[{"@type":"ListItem","position":1,"name":"Startseite","item":"https:\/\/www.brachwitz.eu\/"},{"@type":"ListItem","position":2,"name":"Neue Kategorie &#8211; Sagen aus dem Saalkreis"}]},{"@type":"WebSite","@id":"https:\/\/www.brachwitz.eu\/#website","url":"https:\/\/www.brachwitz.eu\/","name":"Brachwitz","description":"Die Perle an der Saale","potentialAction":[{"@type":"SearchAction","target":{"@type":"EntryPoint","urlTemplate":"https:\/\/www.brachwitz.eu\/?s={search_term_string}"},"query-input":{"@type":"PropertyValueSpecification","valueRequired":true,"valueName":"search_term_string"}}],"inLanguage":"de"},{"@type":"Person","@id":"https:\/\/www.brachwitz.eu\/#\/schema\/person\/0595ff7ab51c1d67c3fcfdb8b9beb38b","name":"admin","image":{"@type":"ImageObject","inLanguage":"de","@id":"https:\/\/www.brachwitz.eu\/#\/schema\/person\/image\/","url":"https:\/\/secure.gravatar.com\/avatar\/c4502781cd69c7c69acf1c7c1110581a2fc0dd912a89a871f46106c51e2512ac?s=96&d=mm&r=g","contentUrl":"https:\/\/secure.gravatar.com\/avatar\/c4502781cd69c7c69acf1c7c1110581a2fc0dd912a89a871f46106c51e2512ac?s=96&d=mm&r=g","caption":"admin"},"url":"https:\/\/www.brachwitz.eu\/index.php\/author\/admin\/"}]}},"jetpack_publicize_connections":[],"jetpack_featured_media_url":"https:\/\/www.brachwitz.eu\/wp-content\/uploads\/2021\/03\/0E3A0796-854C-4333-94BD-3105B9CF6CEB.jpeg","jetpack_sharing_enabled":true,"jetpack_shortlink":"https:\/\/wp.me\/paziYC-3WV","_links":{"self":[{"href":"https:\/\/www.brachwitz.eu\/index.php\/wp-json\/wp\/v2\/posts\/15185","targetHints":{"allow":["GET"]}}],"collection":[{"href":"https:\/\/www.brachwitz.eu\/index.php\/wp-json\/wp\/v2\/posts"}],"about":[{"href":"https:\/\/www.brachwitz.eu\/index.php\/wp-json\/wp\/v2\/types\/post"}],"author":[{"embeddable":true,"href":"https:\/\/www.brachwitz.eu\/index.php\/wp-json\/wp\/v2\/users\/1"}],"replies":[{"embeddable":true,"href":"https:\/\/www.brachwitz.eu\/index.php\/wp-json\/wp\/v2\/comments?post=15185"}],"version-history":[{"count":5,"href":"https:\/\/www.brachwitz.eu\/index.php\/wp-json\/wp\/v2\/posts\/15185\/revisions"}],"predecessor-version":[{"id":15324,"href":"https:\/\/www.brachwitz.eu\/index.php\/wp-json\/wp\/v2\/posts\/15185\/revisions\/15324"}],"wp:featuredmedia":[{"embeddable":true,"href":"https:\/\/www.brachwitz.eu\/index.php\/wp-json\/wp\/v2\/media\/15188"}],"wp:attachment":[{"href":"https:\/\/www.brachwitz.eu\/index.php\/wp-json\/wp\/v2\/media?parent=15185"}],"wp:term":[{"taxonomy":"category","embeddable":true,"href":"https:\/\/www.brachwitz.eu\/index.php\/wp-json\/wp\/v2\/categories?post=15185"},{"taxonomy":"post_tag","embeddable":true,"href":"https:\/\/www.brachwitz.eu\/index.php\/wp-json\/wp\/v2\/tags?post=15185"}],"curies":[{"name":"wp","href":"https:\/\/api.w.org\/{rel}","templated":true}]}}