{"id":38223,"date":"2026-09-02T20:18:19","date_gmt":"2026-09-02T18:18:19","guid":{"rendered":"https:\/\/www.brachwitz.eu\/?p=38223"},"modified":"2026-09-02T20:18:21","modified_gmt":"2026-09-02T18:18:21","slug":"brachwitz-aktuell-monatsrueckblick-august-2026","status":"publish","type":"post","link":"https:\/\/www.brachwitz.eu\/index.php\/2026\/09\/02\/brachwitz-aktuell-monatsrueckblick-august-2026\/","title":{"rendered":"Brachwitz aktuell \u2013 Monatsr\u00fcckblick August 2026"},"content":{"rendered":"\n<p class=\"wp-block-paragraph\"><\/p>\n\n\n\n<p class=\"wp-block-paragraph\"><strong>Ein neuer Treffpunkt f\u00fcr das Dorf, ein au\u00dfergew\u00f6hnlicher Himmel und ein Sommer mit vielen Gesichtern<\/strong><\/p>\n\n\n\n<p class=\"wp-block-paragraph\">Der August 2026 hatte f\u00fcr Brachwitz einiges zu bieten. Im Mittelpunkt stand ein Projekt, dessen Entwicklung wir bereits in den vergangenen Monaten begleitet haben: Der neue Spielplatz mit Calisthenics-Park wurde er\u00f6ffnet. Aber auch am Himmel gab es ein Ereignis, das man in dieser Form nicht alle Tage erlebt. Dazu kamen Hochsommer, Gewitter, sp\u00e4tsommerliche Tage und Neuigkeiten aus der Stadt Wettin-L\u00f6bej\u00fcn.<\/p>\n\n\n\n<p class=\"wp-block-paragraph\"><strong>\ud83c\udfd7\ufe0f Titelthema: Spielplatz und Calisthenics-Park er\u00f6ffnet<\/strong><\/p>\n\n\n\n<p class=\"wp-block-paragraph\">Am <strong>8. August 2026<\/strong> war es soweit: Der neue Spielplatz und der Calisthenics-Park in Brachwitz wurden er\u00f6ffnet.<\/p>\n\n\n\n<p class=\"wp-block-paragraph\">Noch im Juli hatten wir an dieser Stelle \u00fcber die sichtbaren Baufortschritte berichtet. Nun ist aus der Baustelle ein neuer Freizeit- und Begegnungsort geworden.<\/p>\n\n\n\n<p class=\"wp-block-paragraph\">Die Kombination ist dabei besonders gelungen: W\u00e4hrend sich der Spielplatz an die j\u00fcngeren Brachwitzer richtet, bietet der Calisthenics-Bereich Jugendlichen und Erwachsenen die M\u00f6glichkeit, unter freiem Himmel zu trainieren. \u00dcbungen mit dem eigenen K\u00f6rpergewicht, Klettern, Hangeln und unterschiedliche Bewegungsabl\u00e4ufe machen das Angebot vielseitig.<\/p>\n\n\n\n<p class=\"wp-block-paragraph\">Damit ist ein Platz entstanden, der mehrere Generationen zusammenbringen kann. Kinder spielen, Jugendliche und Erwachsene trainieren und Familien k\u00f6nnen gemeinsam Zeit verbringen.<\/p>\n\n\n\n<p class=\"wp-block-paragraph\">F\u00fcr Brachwitz ist die Anlage deshalb weit mehr als nur ein neuer Spielplatz. Sie ist eine Investition in Lebensqualit\u00e4t, Bewegung und Gemeinschaft.<\/p>\n\n\n\n<p class=\"wp-block-paragraph\"><strong>\ud83d\udcf8 Bild des Monats:<\/strong> <\/p>\n\n\n\n<figure class=\"wp-block-image size-large\"><img loading=\"lazy\" decoding=\"async\" width=\"1024\" height=\"1024\" src=\"https:\/\/www.brachwitz.eu\/wp-content\/uploads\/2026\/09\/incollage_save-1024x1024.jpeg\" alt=\"\" class=\"wp-image-38224\" srcset=\"https:\/\/www.brachwitz.eu\/wp-content\/uploads\/2026\/09\/incollage_save-1024x1024.jpeg 1024w, https:\/\/www.brachwitz.eu\/wp-content\/uploads\/2026\/09\/incollage_save-300x300.jpeg 300w, https:\/\/www.brachwitz.eu\/wp-content\/uploads\/2026\/09\/incollage_save-150x150.jpeg 150w, https:\/\/www.brachwitz.eu\/wp-content\/uploads\/2026\/09\/incollage_save-768x768.jpeg 768w, https:\/\/www.brachwitz.eu\/wp-content\/uploads\/2026\/09\/incollage_save-1536x1536.jpeg 1536w, https:\/\/www.brachwitz.eu\/wp-content\/uploads\/2026\/09\/incollage_save-2048x2048.jpeg 2048w, https:\/\/www.brachwitz.eu\/wp-content\/uploads\/2026\/09\/incollage_save-100x100.jpeg 100w\" sizes=\"auto, (max-width: 767px) 89vw, (max-width: 1000px) 54vw, (max-width: 1071px) 543px, 580px\" \/><figcaption class=\"wp-element-caption\">created by InCollage<\/figcaption><\/figure>\n\n\n\n<p class=\"wp-block-paragraph\"><strong>\ud83c\udf11 Ein besonderer Abend \u00fcber Brachwitz<\/strong><\/p>\n\n\n\n<p class=\"wp-block-paragraph\">Nur vier Tage nach der Spielplatzer\u00f6ffnung wartete das n\u00e4chste besondere Augustereignis.<\/p>\n\n\n\n<p class=\"wp-block-paragraph\">Am <strong>12. August 2026<\/strong> war \u00fcber Brachwitz eine eindrucksvolle partielle Sonnenfinsternis zu beobachten. Und das Wetter spielte mit: Der Tag verlief sonnig und trocken bei etwa 25 bis 27 Grad, sodass die Voraussetzungen f\u00fcr die Beobachtung am Abend ausgesprochen g\u00fcnstig waren.&nbsp;<\/p>\n\n\n\n<p class=\"wp-block-paragraph\">Der Mond schob sich vor die Sonne und bedeckte einen gro\u00dfen Teil der Sonnenscheibe. Gerade der freie westliche Horizont rund um Brachwitz bot gute M\u00f6glichkeiten, dieses seltene Schauspiel zu verfolgen.<\/p>\n\n\n\n<p class=\"wp-block-paragraph\">Doch damit war der astronomische Abend noch nicht beendet. In diesen Augustn\u00e4chten erreichten auch die <strong>Perseiden<\/strong> ihr Maximum. Wer nach der Sonnenfinsternis noch lange genug wach blieb und einen dunklen Beobachtungsplatz au\u00dferhalb der Stra\u00dfenbeleuchtung suchte, konnte deshalb mit etwas Gl\u00fcck auch Sternschnuppen entdecken.&nbsp;<\/p>\n\n\n\n<p class=\"wp-block-paragraph\">F\u00fcr die Sternwarte Brachwitz war der 12. August damit zweifellos einer der astronomischen H\u00f6hepunkte des Jahres.<\/p>\n\n\n\n<p class=\"wp-block-paragraph\"><strong>\ud83c\udf26\ufe0f Wetter des Monats: Hochsommer, Gewitter und erste Sp\u00e4tsommergr\u00fc\u00dfe<\/strong><\/p>\n\n\n\n<p class=\"wp-block-paragraph\">Auch meteorologisch war der August abwechslungsreich.<\/p>\n\n\n\n<p class=\"wp-block-paragraph\">Der Monat begann zun\u00e4chst deutlich entspannter als der extrem hei\u00dfe Juli geendet hatte. Zum Monatsanfang lagen die Temperaturen meist im angenehmen sommerlichen Bereich, gleichzeitig blieb die Wetterlage wechselhaft.&nbsp;<\/p>\n\n\n\n<p class=\"wp-block-paragraph\">Das \u00e4nderte sich bereits wenige Tage sp\u00e4ter. Am 5. August wurden f\u00fcr Brachwitz wieder <strong>32 bis 34 Grad<\/strong> erwartet. Gleichzeitig bestand am Nachmittag und Abend die Gefahr kr\u00e4ftiger Gewitter mit Starkregen, Hagel und st\u00fcrmischen B\u00f6en.&nbsp;<\/p>\n\n\n\n<p class=\"wp-block-paragraph\">Danach folgte eine angenehmere Phase. Gerade der 7. August pr\u00e4sentierte sich freundlich und trocken \u2013 gute Voraussetzungen f\u00fcr das Wochenende und damit auch f\u00fcr die Er\u00f6ffnung des neuen Spiel- und Bewegungsplatzes am folgenden Tag.&nbsp;<\/p>\n\n\n\n<p class=\"wp-block-paragraph\">Zur Monatsmitte kehrte der Hochsommer zur\u00fcck. Nach der Sonnenfinsternis am 12. August stiegen die Temperaturen wieder \u00fcber die 30-Grad-Marke.&nbsp;<\/p>\n\n\n\n<p class=\"wp-block-paragraph\">Gegen Monatsende zeigte der Sommer schlie\u00dflich noch einmal seine wechselhafte Seite. Am 28. August bestand erneut die Gefahr von Schauern und \u00f6rtlichen Gewittern mit Starkregen, Hagel und kr\u00e4ftigen B\u00f6en. Zwei Tage sp\u00e4ter erreichten die Temperaturen dagegen noch einmal angenehme <strong>25 bis 26 Grad<\/strong>, begleitet allerdings von kr\u00e4ftigem S\u00fcdwestwind.&nbsp;<\/p>\n\n\n\n<p class=\"wp-block-paragraph\">Der August war damit ein Monat zwischen Hochsommer und den ersten kleinen Vorboten des Herbstes.<\/p>\n\n\n\n<p class=\"wp-block-paragraph\"><strong>\ud83d\udeb2 Sommer an der Saale<\/strong><\/p>\n\n\n\n<p class=\"wp-block-paragraph\">Auch im August zeigte sich wieder, welchen Freizeitwert die Landschaft rund um Brachwitz besitzt.<\/p>\n\n\n\n<p class=\"wp-block-paragraph\">Die Saale, der Saaleradweg und die Brachwitzer Alpen lockten Spazierg\u00e4nger, Radfahrer und Wassersportler in die Region. Selbst \u00fcberregionale Tourenbeschreibungen heben die eindrucksvolle Porphyrlandschaft der Brachwitzer Alpen auf der Saale-Etappe zwischen Halle und Kloschwitz ausdr\u00fccklich hervor.&nbsp;<\/p>\n\n\n\n<p class=\"wp-block-paragraph\">Gerade an den nicht ganz so hei\u00dfen Augusttagen bot sich die Gelegenheit f\u00fcr eine Fahrradtour Richtung Wettin, einen Spaziergang entlang der Saale oder eine kleine Wanderung durch die Brachwitzer Alpen.<\/p>\n\n\n\n<p class=\"wp-block-paragraph\"><strong>\ud83c\udfdb\ufe0f Neues aus Wettin-L\u00f6bej\u00fcn<\/strong><\/p>\n\n\n\n<p class=\"wp-block-paragraph\">Auch \u00fcber die unmittelbaren Ortsgrenzen hinaus gab es im August einiges zu berichten. Das neue Amtsblatt der Wettin-L\u00f6bej\u00fcn erschien am <strong>19. August 2026<\/strong>.&nbsp;<\/p>\n\n\n\n<p class=\"wp-block-paragraph\">Am 26. August tagte der Stadtrat im Historischen Stadtgut in L\u00f6bej\u00fcn. Das Amtsblatt informierte au\u00dferdem \u00fcber das neue Herbstsemester der Kreisvolkshochschule und dar\u00fcber, dass der Landkreis Saalekreis inzwischen eine einheitliche Postanschrift f\u00fcr seine \u00c4mter verwendet.&nbsp;<\/p>\n\n\n\n<p class=\"wp-block-paragraph\">Interessant f\u00fcr Familien war zudem das Kindersportfest der Stadt Wettin-L\u00f6bej\u00fcn am 22. August auf dem Sportplatz in Wettin.&nbsp;<\/p>\n\n\n\n<p class=\"wp-block-paragraph\"><strong>\ud83d\uddf3\ufe0f Blick voraus: Landtagswahl im September<\/strong><\/p>\n\n\n\n<p class=\"wp-block-paragraph\">Der August stand auch bereits im Zeichen der bevorstehenden Landtagswahl in Sachsen-Anhalt. Das Amtsblatt ver\u00f6ffentlichte die Wahlbekanntmachung und f\u00fchrt <strong>Brachwitz und Friedrichsschwerz im Wahlbezirk 1<\/strong>.&nbsp;<\/p>\n\n\n\n<p class=\"wp-block-paragraph\">Damit r\u00fcckt im September neben den Ereignissen im Dorf auch die Landespolitik st\u00e4rker in den Mittelpunkt.<\/p>\n\n\n\n<p class=\"wp-block-paragraph\"><strong>\ud83d\udccc Kurz notiert<\/strong><\/p>\n\n\n\n<ul class=\"wp-block-list\">\n<li><strong>08.08.2026:<\/strong> Er\u00f6ffnung des neuen Spielplatzes und Calisthenics-Parks in Brachwitz.<\/li>\n\n\n\n<li><strong>12.08.2026:<\/strong> Partielle Sonnenfinsternis \u00fcber Brachwitz \u2013 bei sehr guten Wetterbedingungen.<\/li>\n\n\n\n<li>Die Perseiden sorgten rund um die Monatsmitte f\u00fcr einen weiteren astronomischen H\u00f6hepunkt.<\/li>\n\n\n\n<li>Hochsommerliche Phasen mit Temperaturen \u00fcber 30 Grad wechselten sich mit Gewittern und deutlich angenehmeren Tagen ab.<\/li>\n\n\n\n<li>Am 19. August erschien das August-Amtsblatt der Stadt Wettin-L\u00f6bej\u00fcn.\u00a0<\/li>\n\n\n\n<li>Am 26. August tagte der Stadtrat von Wettin-L\u00f6bej\u00fcn.\u00a0<\/li>\n<\/ul>\n\n\n\n<p class=\"wp-block-paragraph\"><strong>\ud83d\udcdc Aus dem Dorfarchiv<\/strong><\/p>\n\n\n\n<p class=\"wp-block-paragraph\"><strong>Warum eigentlich \u201eBrachwitzer Alpen\u201c?<\/strong><\/p>\n\n\n\n<p class=\"wp-block-paragraph\">Der Name geh\u00f6rt heute ganz selbstverst\u00e4ndlich zu unserem Ort. Dabei handelt es sich nat\u00fcrlich nicht um ein Gebirge im klassischen Sinne.<\/p>\n\n\n\n<p class=\"wp-block-paragraph\">Die markanten Felsen entlang der Saale bestehen aus Porphyr und pr\u00e4gen die Landschaft rund um Brachwitz bis heute. Zu den bekannten Felsformationen geh\u00f6ren unter anderem der Lindenberg, der \u201eTrompeter\u201c und die \u201eKliniken\u201c. Historisch wurde in der Umgebung auch Porphyr abgebaut; alte Steinbr\u00fcche erinnern noch heute daran.&nbsp;<\/p>\n\n\n\n<p class=\"wp-block-paragraph\">Die besondere Landschaft ist zudem ausgesprochen trocken. Brachwitz liegt im Regenschatten des Harzes. Dadurch konnten sich charakteristische Trockenrasen mit seltenen Pflanzen und Insekten entwickeln.&nbsp;<\/p>\n\n\n\n<p class=\"wp-block-paragraph\">So sind die Brachwitzer Alpen nicht nur eine sch\u00f6ne Kulisse f\u00fcr Spazierg\u00e4nge \u2013 sie geh\u00f6ren zu den landschaftlichen Besonderheiten unserer Heimat.<\/p>\n\n\n\n<p class=\"wp-block-paragraph\"><strong>\ud83d\udcc5 Ausblick auf September<\/strong><\/p>\n\n\n\n<p class=\"wp-block-paragraph\">Auch der September verspricht interessant zu werden.<\/p>\n\n\n\n<p class=\"wp-block-paragraph\">Am <strong>13. September 2026<\/strong> findet bundesweit der Tag des offenen Denkmals statt. Auch im Stadtgebiet Wettin-L\u00f6bej\u00fcn beteiligen sich Einrichtungen und Vereine mit verschiedenen Angeboten.&nbsp;<\/p>\n\n\n\n<p class=\"wp-block-paragraph\">Daneben wird sich zeigen, wie gut der neue Spielplatz und der Calisthenics-Park nach den ersten Wochen angenommen werden. Gerade dieses Projekt wollen wir auf <a href=\"http:\/\/brachwitz.eu\/\">Brachwitz.eu<\/a> weiter begleiten.<\/p>\n\n\n\n<p class=\"wp-block-paragraph\">Und nat\u00fcrlich beginnt langsam die vielleicht sch\u00f6nste Zeit f\u00fcr Spazierg\u00e4nge entlang der Saale und durch die Brachwitzer Alpen: Wenn sich im September die ersten Bl\u00e4tter verf\u00e4rben und morgens Nebel \u00fcber dem Saaletal liegt, zeigt Brachwitz wieder ein v\u00f6llig anderes Gesicht.<\/p>\n\n\n\n<p class=\"wp-block-paragraph\"><strong>\ud83c\udf10 Brachwitz entdecken<\/strong><\/p>\n\n\n\n<p class=\"wp-block-paragraph\">Wer neu in Brachwitz ist, Besuch erwartet oder einfach schnell etwas nachschauen m\u00f6chte, findet auf <a href=\"http:\/\/brachwitz.eu\/\">Brachwitz.eu<\/a> inzwischen eine eigene Rubrik mit praktischen Informationen zum Ort.<\/p>\n\n\n\n<p class=\"wp-block-paragraph\">Dort sind unter anderem Angaben zu Versorgung, mobiler Sparkasse, Zahnarzt, Kindergarten sowie weiteren Angeboten zusammengestellt. Die Seite wird weiter erg\u00e4nzt und aktualisiert.&nbsp;<\/p>\n\n\n\n<p class=\"wp-block-paragraph\">Allgemeine Informationen auf Brachwitz.eu\u2060<\/p>\n\n\n\n<p class=\"wp-block-paragraph\">Auch die historischen Seiten, die Bildersammlung und die \u201eSagen aus dem Saalkreis\u201c werden weiter ausgebaut. Gerade alte B\u00fccher, Jahrb\u00fccher des Saalekreises und historische Ver\u00f6ffentlichungen helfen dabei, St\u00fcck f\u00fcr St\u00fcck ein digitales Ged\u00e4chtnis unseres Ortes entstehen zu lassen.<\/p>\n\n\n\n<p class=\"wp-block-paragraph\"><strong>\u2764\ufe0f Unser Fazit<\/strong><\/p>\n\n\n\n<p class=\"wp-block-paragraph\">Der August 2026 wird in Brachwitz vor allem wegen zweier Ereignisse in Erinnerung bleiben.<\/p>\n\n\n\n<p class=\"wp-block-paragraph\">Mit der <strong>Er\u00f6ffnung des neuen Spielplatzes und Calisthenics-Parks am 8. August<\/strong> hat unser Dorf einen neuen Treffpunkt bekommen, von dem Kinder, Jugendliche und Erwachsene gleicherma\u00dfen profitieren k\u00f6nnen.<\/p>\n\n\n\n<p class=\"wp-block-paragraph\">Nur wenige Tage sp\u00e4ter richtete sich der Blick nach oben: Die <strong>partielle Sonnenfinsternis am 12. August<\/strong> machte den Abend zu einem besonderen Erlebnis \u2013 und mit den Perseiden gab es gleich noch eine Zugabe am Nachthimmel.<\/p>\n\n\n\n<p class=\"wp-block-paragraph\">Dazwischen lag ein August, wie man ihn in Brachwitz kennt und liebt: Sommer an der Saale, hei\u00dfe Tage, Gewitter, Fahrradtouren, Spazierg\u00e4nge und langsam die ersten Anzeichen daf\u00fcr, dass der Herbst nicht mehr weit entfernt ist.<\/p>\n\n\n\n<p class=\"wp-block-paragraph\"><strong>Brachwitz bleibt in Bewegung \u2013 und wir halten fest, was unser Dorf bewegt.<\/strong><\/p>\n\n\n\n<p class=\"wp-block-paragraph\"><em><a href=\"http:\/\/brachwitz.eu\/\">Brachwitz.eu<\/a><\/em> <em>\u2013 Die Perle an der Saale.<\/em><\/p>\n","protected":false},"excerpt":{"rendered":"<p>Ein neuer Treffpunkt f\u00fcr das Dorf, ein au\u00dfergew\u00f6hnlicher Himmel und ein Sommer mit vielen Gesichtern Der August 2026 hatte f\u00fcr Brachwitz einiges zu bieten. Im Mittelpunkt stand ein Projekt, dessen Entwicklung wir bereits in den vergangenen Monaten begleitet haben: Der neue Spielplatz mit Calisthenics-Park wurde er\u00f6ffnet. Aber auch am Himmel gab es ein Ereignis, das &hellip; <\/p>\n<p class=\"link-more\"><a href=\"https:\/\/www.brachwitz.eu\/index.php\/2026\/09\/02\/brachwitz-aktuell-monatsrueckblick-august-2026\/\" class=\"more-link\"><span class=\"screen-reader-text\">\u201eBrachwitz aktuell \u2013 Monatsr\u00fcckblick August 2026\u201c <\/span>weiterlesen<\/a><\/p>\n","protected":false},"author":1,"featured_media":0,"comment_status":"open","ping_status":"open","sticky":false,"template":"","format":"standard","meta":{"_exactmetrics_skip_tracking":false,"_exactmetrics_sitenote_active":false,"_exactmetrics_sitenote_note":"","_exactmetrics_sitenote_category":0,"_jetpack_newsletter_access":"","_jetpack_dont_email_post_to_subs":false,"_jetpack_newsletter_tier_id":0,"_jetpack_memberships_contains_paywalled_content":false,"_jetpack_feature_clip_id":0,"_jetpack_memberships_contains_paid_content":false,"footnotes":"","jetpack_publicize_message":"","jetpack_publicize_feature_enabled":true,"jetpack_social_post_already_shared":true,"jetpack_social_options":{"image_generator_settings":{"template":"highway","default_image_id":0,"font":"","enabled":false},"version":2},"jetpack_post_was_ever_published":false},"categories":[1],"tags":[],"class_list":["post-38223","post","type-post","status-publish","format-standard","hentry","category-allgemein"],"yoast_head":"<!-- This site is optimized with the Yoast SEO plugin v27.9 - https:\/\/yoast.com\/product\/yoast-seo-wordpress\/ -->\n<title>Brachwitz aktuell \u2013 Monatsr\u00fcckblick August 2026 - Brachwitz<\/title>\n<meta name=\"robots\" content=\"index, follow, max-snippet:-1, max-image-preview:large, max-video-preview:-1\" \/>\n<link rel=\"canonical\" href=\"https:\/\/www.brachwitz.eu\/index.php\/2026\/09\/02\/brachwitz-aktuell-monatsrueckblick-august-2026\/\" \/>\n<meta property=\"og:locale\" content=\"de_DE\" \/>\n<meta property=\"og:type\" content=\"article\" \/>\n<meta property=\"og:title\" content=\"Brachwitz aktuell \u2013 Monatsr\u00fcckblick August 2026 - Brachwitz\" \/>\n<meta property=\"og:description\" content=\"Ein neuer Treffpunkt f\u00fcr das Dorf, ein au\u00dfergew\u00f6hnlicher Himmel und ein Sommer mit vielen Gesichtern Der August 2026 hatte f\u00fcr Brachwitz einiges zu bieten. Im Mittelpunkt stand ein Projekt, dessen Entwicklung wir bereits in den vergangenen Monaten begleitet haben: Der neue Spielplatz mit Calisthenics-Park wurde er\u00f6ffnet. Aber auch am Himmel gab es ein Ereignis, das &hellip; \u201eBrachwitz aktuell \u2013 Monatsr\u00fcckblick August 2026\u201c weiterlesen\" \/>\n<meta property=\"og:url\" content=\"https:\/\/www.brachwitz.eu\/index.php\/2026\/09\/02\/brachwitz-aktuell-monatsrueckblick-august-2026\/\" \/>\n<meta property=\"og:site_name\" content=\"Brachwitz\" \/>\n<meta property=\"article:published_time\" content=\"2026-09-02T18:18:19+00:00\" \/>\n<meta property=\"article:modified_time\" content=\"2026-09-02T18:18:21+00:00\" \/>\n<meta property=\"og:image\" content=\"https:\/\/www.brachwitz.eu\/wp-content\/uploads\/2026\/09\/incollage_save-scaled.jpeg\" \/>\n\t<meta property=\"og:image:width\" content=\"2560\" \/>\n\t<meta property=\"og:image:height\" content=\"2560\" \/>\n\t<meta property=\"og:image:type\" content=\"image\/jpeg\" \/>\n<meta name=\"author\" content=\"admin\" \/>\n<meta name=\"twitter:card\" content=\"summary_large_image\" \/>\n<meta name=\"twitter:label1\" content=\"Verfasst von\" \/>\n\t<meta name=\"twitter:data1\" content=\"admin\" \/>\n\t<meta name=\"twitter:label2\" content=\"Gesch\u00e4tzte Lesezeit\" \/>\n\t<meta name=\"twitter:data2\" content=\"8\u00a0Minuten\" \/>\n<script type=\"application\/ld+json\" class=\"yoast-schema-graph\">{\"@context\":\"https:\\\/\\\/schema.org\",\"@graph\":[{\"@type\":\"Article\",\"@id\":\"https:\\\/\\\/www.brachwitz.eu\\\/index.php\\\/2026\\\/09\\\/02\\\/brachwitz-aktuell-monatsrueckblick-august-2026\\\/#article\",\"isPartOf\":{\"@id\":\"https:\\\/\\\/www.brachwitz.eu\\\/index.php\\\/2026\\\/09\\\/02\\\/brachwitz-aktuell-monatsrueckblick-august-2026\\\/\"},\"author\":{\"name\":\"admin\",\"@id\":\"https:\\\/\\\/www.brachwitz.eu\\\/#\\\/schema\\\/person\\\/0595ff7ab51c1d67c3fcfdb8b9beb38b\"},\"headline\":\"Brachwitz aktuell \u2013 Monatsr\u00fcckblick August 2026\",\"datePublished\":\"2026-09-02T18:18:19+00:00\",\"dateModified\":\"2026-09-02T18:18:21+00:00\",\"mainEntityOfPage\":{\"@id\":\"https:\\\/\\\/www.brachwitz.eu\\\/index.php\\\/2026\\\/09\\\/02\\\/brachwitz-aktuell-monatsrueckblick-august-2026\\\/\"},\"wordCount\":1370,\"commentCount\":0,\"image\":{\"@id\":\"https:\\\/\\\/www.brachwitz.eu\\\/index.php\\\/2026\\\/09\\\/02\\\/brachwitz-aktuell-monatsrueckblick-august-2026\\\/#primaryimage\"},\"thumbnailUrl\":\"https:\\\/\\\/www.brachwitz.eu\\\/wp-content\\\/uploads\\\/2026\\\/09\\\/incollage_save-1024x1024.jpeg\",\"inLanguage\":\"de\",\"potentialAction\":[{\"@type\":\"CommentAction\",\"name\":\"Comment\",\"target\":[\"https:\\\/\\\/www.brachwitz.eu\\\/index.php\\\/2026\\\/09\\\/02\\\/brachwitz-aktuell-monatsrueckblick-august-2026\\\/#respond\"]}]},{\"@type\":\"WebPage\",\"@id\":\"https:\\\/\\\/www.brachwitz.eu\\\/index.php\\\/2026\\\/09\\\/02\\\/brachwitz-aktuell-monatsrueckblick-august-2026\\\/\",\"url\":\"https:\\\/\\\/www.brachwitz.eu\\\/index.php\\\/2026\\\/09\\\/02\\\/brachwitz-aktuell-monatsrueckblick-august-2026\\\/\",\"name\":\"Brachwitz aktuell \u2013 Monatsr\u00fcckblick August 2026 - Brachwitz\",\"isPartOf\":{\"@id\":\"https:\\\/\\\/www.brachwitz.eu\\\/#website\"},\"primaryImageOfPage\":{\"@id\":\"https:\\\/\\\/www.brachwitz.eu\\\/index.php\\\/2026\\\/09\\\/02\\\/brachwitz-aktuell-monatsrueckblick-august-2026\\\/#primaryimage\"},\"image\":{\"@id\":\"https:\\\/\\\/www.brachwitz.eu\\\/index.php\\\/2026\\\/09\\\/02\\\/brachwitz-aktuell-monatsrueckblick-august-2026\\\/#primaryimage\"},\"thumbnailUrl\":\"https:\\\/\\\/www.brachwitz.eu\\\/wp-content\\\/uploads\\\/2026\\\/09\\\/incollage_save-1024x1024.jpeg\",\"datePublished\":\"2026-09-02T18:18:19+00:00\",\"dateModified\":\"2026-09-02T18:18:21+00:00\",\"author\":{\"@id\":\"https:\\\/\\\/www.brachwitz.eu\\\/#\\\/schema\\\/person\\\/0595ff7ab51c1d67c3fcfdb8b9beb38b\"},\"breadcrumb\":{\"@id\":\"https:\\\/\\\/www.brachwitz.eu\\\/index.php\\\/2026\\\/09\\\/02\\\/brachwitz-aktuell-monatsrueckblick-august-2026\\\/#breadcrumb\"},\"inLanguage\":\"de\",\"potentialAction\":[{\"@type\":\"ReadAction\",\"target\":[\"https:\\\/\\\/www.brachwitz.eu\\\/index.php\\\/2026\\\/09\\\/02\\\/brachwitz-aktuell-monatsrueckblick-august-2026\\\/\"]}]},{\"@type\":\"ImageObject\",\"inLanguage\":\"de\",\"@id\":\"https:\\\/\\\/www.brachwitz.eu\\\/index.php\\\/2026\\\/09\\\/02\\\/brachwitz-aktuell-monatsrueckblick-august-2026\\\/#primaryimage\",\"url\":\"https:\\\/\\\/www.brachwitz.eu\\\/wp-content\\\/uploads\\\/2026\\\/09\\\/incollage_save-scaled.jpeg\",\"contentUrl\":\"https:\\\/\\\/www.brachwitz.eu\\\/wp-content\\\/uploads\\\/2026\\\/09\\\/incollage_save-scaled.jpeg\",\"width\":2560,\"height\":2560,\"caption\":\"created by InCollage\"},{\"@type\":\"BreadcrumbList\",\"@id\":\"https:\\\/\\\/www.brachwitz.eu\\\/index.php\\\/2026\\\/09\\\/02\\\/brachwitz-aktuell-monatsrueckblick-august-2026\\\/#breadcrumb\",\"itemListElement\":[{\"@type\":\"ListItem\",\"position\":1,\"name\":\"Startseite\",\"item\":\"https:\\\/\\\/www.brachwitz.eu\\\/\"},{\"@type\":\"ListItem\",\"position\":2,\"name\":\"Brachwitz aktuell \u2013 Monatsr\u00fcckblick August 2026\"}]},{\"@type\":\"WebSite\",\"@id\":\"https:\\\/\\\/www.brachwitz.eu\\\/#website\",\"url\":\"https:\\\/\\\/www.brachwitz.eu\\\/\",\"name\":\"Brachwitz\",\"description\":\"Die Perle an der Saale\",\"potentialAction\":[{\"@type\":\"SearchAction\",\"target\":{\"@type\":\"EntryPoint\",\"urlTemplate\":\"https:\\\/\\\/www.brachwitz.eu\\\/?s={search_term_string}\"},\"query-input\":{\"@type\":\"PropertyValueSpecification\",\"valueRequired\":true,\"valueName\":\"search_term_string\"}}],\"inLanguage\":\"de\"},{\"@type\":\"Person\",\"@id\":\"https:\\\/\\\/www.brachwitz.eu\\\/#\\\/schema\\\/person\\\/0595ff7ab51c1d67c3fcfdb8b9beb38b\",\"name\":\"admin\",\"image\":{\"@type\":\"ImageObject\",\"inLanguage\":\"de\",\"@id\":\"https:\\\/\\\/secure.gravatar.com\\\/avatar\\\/c4502781cd69c7c69acf1c7c1110581a2fc0dd912a89a871f46106c51e2512ac?s=96&d=mm&r=g\",\"url\":\"https:\\\/\\\/secure.gravatar.com\\\/avatar\\\/c4502781cd69c7c69acf1c7c1110581a2fc0dd912a89a871f46106c51e2512ac?s=96&d=mm&r=g\",\"contentUrl\":\"https:\\\/\\\/secure.gravatar.com\\\/avatar\\\/c4502781cd69c7c69acf1c7c1110581a2fc0dd912a89a871f46106c51e2512ac?s=96&d=mm&r=g\",\"caption\":\"admin\"},\"url\":\"https:\\\/\\\/www.brachwitz.eu\\\/index.php\\\/author\\\/admin\\\/\"}]}<\/script>\n<!-- \/ Yoast SEO plugin. -->","yoast_head_json":{"title":"Brachwitz aktuell \u2013 Monatsr\u00fcckblick August 2026 - Brachwitz","robots":{"index":"index","follow":"follow","max-snippet":"max-snippet:-1","max-image-preview":"max-image-preview:large","max-video-preview":"max-video-preview:-1"},"canonical":"https:\/\/www.brachwitz.eu\/index.php\/2026\/09\/02\/brachwitz-aktuell-monatsrueckblick-august-2026\/","og_locale":"de_DE","og_type":"article","og_title":"Brachwitz aktuell \u2013 Monatsr\u00fcckblick August 2026 - Brachwitz","og_description":"Ein neuer Treffpunkt f\u00fcr das Dorf, ein au\u00dfergew\u00f6hnlicher Himmel und ein Sommer mit vielen Gesichtern Der August 2026 hatte f\u00fcr Brachwitz einiges zu bieten. Im Mittelpunkt stand ein Projekt, dessen Entwicklung wir bereits in den vergangenen Monaten begleitet haben: Der neue Spielplatz mit Calisthenics-Park wurde er\u00f6ffnet. Aber auch am Himmel gab es ein Ereignis, das &hellip; \u201eBrachwitz aktuell \u2013 Monatsr\u00fcckblick August 2026\u201c weiterlesen","og_url":"https:\/\/www.brachwitz.eu\/index.php\/2026\/09\/02\/brachwitz-aktuell-monatsrueckblick-august-2026\/","og_site_name":"Brachwitz","article_published_time":"2026-09-02T18:18:19+00:00","article_modified_time":"2026-09-02T18:18:21+00:00","og_image":[{"width":2560,"height":2560,"url":"https:\/\/www.brachwitz.eu\/wp-content\/uploads\/2026\/09\/incollage_save-scaled.jpeg","type":"image\/jpeg"}],"author":"admin","twitter_card":"summary_large_image","twitter_misc":{"Verfasst von":"admin","Gesch\u00e4tzte Lesezeit":"8\u00a0Minuten"},"schema":{"@context":"https:\/\/schema.org","@graph":[{"@type":"Article","@id":"https:\/\/www.brachwitz.eu\/index.php\/2026\/09\/02\/brachwitz-aktuell-monatsrueckblick-august-2026\/#article","isPartOf":{"@id":"https:\/\/www.brachwitz.eu\/index.php\/2026\/09\/02\/brachwitz-aktuell-monatsrueckblick-august-2026\/"},"author":{"name":"admin","@id":"https:\/\/www.brachwitz.eu\/#\/schema\/person\/0595ff7ab51c1d67c3fcfdb8b9beb38b"},"headline":"Brachwitz aktuell \u2013 Monatsr\u00fcckblick August 2026","datePublished":"2026-09-02T18:18:19+00:00","dateModified":"2026-09-02T18:18:21+00:00","mainEntityOfPage":{"@id":"https:\/\/www.brachwitz.eu\/index.php\/2026\/09\/02\/brachwitz-aktuell-monatsrueckblick-august-2026\/"},"wordCount":1370,"commentCount":0,"image":{"@id":"https:\/\/www.brachwitz.eu\/index.php\/2026\/09\/02\/brachwitz-aktuell-monatsrueckblick-august-2026\/#primaryimage"},"thumbnailUrl":"https:\/\/www.brachwitz.eu\/wp-content\/uploads\/2026\/09\/incollage_save-1024x1024.jpeg","inLanguage":"de","potentialAction":[{"@type":"CommentAction","name":"Comment","target":["https:\/\/www.brachwitz.eu\/index.php\/2026\/09\/02\/brachwitz-aktuell-monatsrueckblick-august-2026\/#respond"]}]},{"@type":"WebPage","@id":"https:\/\/www.brachwitz.eu\/index.php\/2026\/09\/02\/brachwitz-aktuell-monatsrueckblick-august-2026\/","url":"https:\/\/www.brachwitz.eu\/index.php\/2026\/09\/02\/brachwitz-aktuell-monatsrueckblick-august-2026\/","name":"Brachwitz aktuell \u2013 Monatsr\u00fcckblick August 2026 - Brachwitz","isPartOf":{"@id":"https:\/\/www.brachwitz.eu\/#website"},"primaryImageOfPage":{"@id":"https:\/\/www.brachwitz.eu\/index.php\/2026\/09\/02\/brachwitz-aktuell-monatsrueckblick-august-2026\/#primaryimage"},"image":{"@id":"https:\/\/www.brachwitz.eu\/index.php\/2026\/09\/02\/brachwitz-aktuell-monatsrueckblick-august-2026\/#primaryimage"},"thumbnailUrl":"https:\/\/www.brachwitz.eu\/wp-content\/uploads\/2026\/09\/incollage_save-1024x1024.jpeg","datePublished":"2026-09-02T18:18:19+00:00","dateModified":"2026-09-02T18:18:21+00:00","author":{"@id":"https:\/\/www.brachwitz.eu\/#\/schema\/person\/0595ff7ab51c1d67c3fcfdb8b9beb38b"},"breadcrumb":{"@id":"https:\/\/www.brachwitz.eu\/index.php\/2026\/09\/02\/brachwitz-aktuell-monatsrueckblick-august-2026\/#breadcrumb"},"inLanguage":"de","potentialAction":[{"@type":"ReadAction","target":["https:\/\/www.brachwitz.eu\/index.php\/2026\/09\/02\/brachwitz-aktuell-monatsrueckblick-august-2026\/"]}]},{"@type":"ImageObject","inLanguage":"de","@id":"https:\/\/www.brachwitz.eu\/index.php\/2026\/09\/02\/brachwitz-aktuell-monatsrueckblick-august-2026\/#primaryimage","url":"https:\/\/www.brachwitz.eu\/wp-content\/uploads\/2026\/09\/incollage_save-scaled.jpeg","contentUrl":"https:\/\/www.brachwitz.eu\/wp-content\/uploads\/2026\/09\/incollage_save-scaled.jpeg","width":2560,"height":2560,"caption":"created by InCollage"},{"@type":"BreadcrumbList","@id":"https:\/\/www.brachwitz.eu\/index.php\/2026\/09\/02\/brachwitz-aktuell-monatsrueckblick-august-2026\/#breadcrumb","itemListElement":[{"@type":"ListItem","position":1,"name":"Startseite","item":"https:\/\/www.brachwitz.eu\/"},{"@type":"ListItem","position":2,"name":"Brachwitz aktuell \u2013 Monatsr\u00fcckblick August 2026"}]},{"@type":"WebSite","@id":"https:\/\/www.brachwitz.eu\/#website","url":"https:\/\/www.brachwitz.eu\/","name":"Brachwitz","description":"Die Perle an der Saale","potentialAction":[{"@type":"SearchAction","target":{"@type":"EntryPoint","urlTemplate":"https:\/\/www.brachwitz.eu\/?s={search_term_string}"},"query-input":{"@type":"PropertyValueSpecification","valueRequired":true,"valueName":"search_term_string"}}],"inLanguage":"de"},{"@type":"Person","@id":"https:\/\/www.brachwitz.eu\/#\/schema\/person\/0595ff7ab51c1d67c3fcfdb8b9beb38b","name":"admin","image":{"@type":"ImageObject","inLanguage":"de","@id":"https:\/\/secure.gravatar.com\/avatar\/c4502781cd69c7c69acf1c7c1110581a2fc0dd912a89a871f46106c51e2512ac?s=96&d=mm&r=g","url":"https:\/\/secure.gravatar.com\/avatar\/c4502781cd69c7c69acf1c7c1110581a2fc0dd912a89a871f46106c51e2512ac?s=96&d=mm&r=g","contentUrl":"https:\/\/secure.gravatar.com\/avatar\/c4502781cd69c7c69acf1c7c1110581a2fc0dd912a89a871f46106c51e2512ac?s=96&d=mm&r=g","caption":"admin"},"url":"https:\/\/www.brachwitz.eu\/index.php\/author\/admin\/"}]}},"jetpack_publicize_connections":[],"jetpack_featured_media_url":"","jetpack_sharing_enabled":true,"jetpack_shortlink":"https:\/\/wp.me\/paziYC-9Wv","_links":{"self":[{"href":"https:\/\/www.brachwitz.eu\/index.php\/wp-json\/wp\/v2\/posts\/38223","targetHints":{"allow":["GET"]}}],"collection":[{"href":"https:\/\/www.brachwitz.eu\/index.php\/wp-json\/wp\/v2\/posts"}],"about":[{"href":"https:\/\/www.brachwitz.eu\/index.php\/wp-json\/wp\/v2\/types\/post"}],"author":[{"embeddable":true,"href":"https:\/\/www.brachwitz.eu\/index.php\/wp-json\/wp\/v2\/users\/1"}],"replies":[{"embeddable":true,"href":"https:\/\/www.brachwitz.eu\/index.php\/wp-json\/wp\/v2\/comments?post=38223"}],"version-history":[{"count":1,"href":"https:\/\/www.brachwitz.eu\/index.php\/wp-json\/wp\/v2\/posts\/38223\/revisions"}],"predecessor-version":[{"id":38225,"href":"https:\/\/www.brachwitz.eu\/index.php\/wp-json\/wp\/v2\/posts\/38223\/revisions\/38225"}],"wp:attachment":[{"href":"https:\/\/www.brachwitz.eu\/index.php\/wp-json\/wp\/v2\/media?parent=38223"}],"wp:term":[{"taxonomy":"category","embeddable":true,"href":"https:\/\/www.brachwitz.eu\/index.php\/wp-json\/wp\/v2\/categories?post=38223"},{"taxonomy":"post_tag","embeddable":true,"href":"https:\/\/www.brachwitz.eu\/index.php\/wp-json\/wp\/v2\/tags?post=38223"}],"curies":[{"name":"wp","href":"https:\/\/api.w.org\/{rel}","templated":true}]}}